{"id":3705,"date":"2024-10-07T19:11:03","date_gmt":"2024-10-07T22:11:03","guid":{"rendered":"https:\/\/www.produccioneseg.com.ar\/eg\/?p=3705"},"modified":"2025-03-05T13:17:02","modified_gmt":"2025-03-05T16:17:02","slug":"los-mosqueteros-del-rey-en-tandil","status":"publish","type":"post","link":"https:\/\/www.produccioneseg.com.ar\/eg\/los-mosqueteros-del-rey-en-tandil\/","title":{"rendered":"Los Mosqueteros del Rey en Tandil"},"content":{"rendered":"\n<p>El domingo 10 de noviembre a las 19.30hs llegan a Tandil \u00abLos Mosqueteros del Rey\u00bb con un gran elenco. <\/p>\n\n\n\n<p>Los Mosqueteros del Rey explora la comedia a partir del juego del \u201cerror actoral\u201d y construye una pieza desopilante, ocurrente e imperdible.<\/p>\n\n\n\n<p>Nicol\u00e1s Cabr\u00e9, Jorge Su\u00e1rez, Nicolas Scarpino y Fredy Villarreal, juntos para hacer re\u00edr durante 90 minutos con una obra galardonada con premios y distinciones nacionales e internacionales.<\/p>\n\n\n\n<p>La obra fue estrenada en junio de 1991 y en los roles protag\u00f3nicos estuvieron: Miguel \u00c1ngel Sol\u00e1, Hugo Arana, Dar\u00edo Grandinetti y Juan Leyrado.<\/p>\n\n\n\n<p>Fueron cinco a\u00f1os de \u00e9xitos indiscutidos con m\u00faltiples premios de la cr\u00edtica especializada: PREMIO PRENSARIO 1991\/92, PREMIO LE\u00d3NIDAS BARLETTA 1992, PREMIOS ESTRELLA DE MAR 1992 Y 1993, PREMIOS A.C.E. AL TEATRO 1992 y PREMIOS CARLOS PAZ 1994.<\/p>\n\n\n\n<p>Adem\u00e1s, fue la primera obra argentina en recibir el auspicio de la U.N.E.S.C.O. por promover la solidaridad y la amistad entre los hombres. Esta obra hoy vuelve a la cartelera porte\u00f1a y promete continuar con los \u00e9xitos que cosech\u00f3 hace ya 30 a\u00f1os.<\/p>\n\n\n\n<p>Ahora, nuevamente dirigida por su autor, Manuel Gonz\u00e1lez Gil, producida por Julio Gallo, Juan Manuel Caball\u00e9 y Ricardo Gallo, es interpretada por Nicol\u00e1s Cabr\u00e9, Jorge Su\u00e1rez, Nicol\u00e1s Scarpino y Fredy Villarreal.<\/p>\n\n\n\n<p>La escenograf\u00eda es de Julieta Askar, el vestuario de Sofia Di Nunzio, la iluminaci\u00f3n de Eli Sirlin, la m\u00fasica y arreglos de Mart\u00edn Bianchedi y la coreograf\u00eda de Rub\u00e9n Cuello.<\/p>\n\n\n\n<p>Sinopsis<\/p>\n\n\n\n<p>Cuatro actores tratan de dar inicio a la funci\u00f3n. Sin embargo, una serie de incidentes se los impide, ya sea porque olvidan los textos, se confunden con los momentos de entrada y salida, hay contradicciones o comentarios sobre la informaci\u00f3n del relato. Poco a poco, intentan montar la c\u00e9lebre novela de Dumas, pero las complicaciones se incrementan hasta el momento donde deben tomar una decisi\u00f3n radical.<\/p>\n\n\n\n<p>Entradas en venta en&nbsp;<a href=\"https:\/\/www.instagram.com\/pluscolortandil\/?hl=es-la\">@pluscolortandil<\/a>&nbsp;\u2026 Compr\u00e1 t\u00fa entrada con&nbsp;<a href=\"https:\/\/www.instagram.com\/tarjeta.elebar\/?hl=es-la\">@tarjeta.elebar<\/a>&nbsp;en 3 cuotas sin inter\u00e9s y 25% de descuento..<br>Entradas online en entradas: <a href=\"https:\/\/www.aportickets.com\/espectaculo\/APORTICKETS\/129\/los-mosqueteros-del-rey.html\">Aportickets.com<\/a><\/p>\n","protected":false},"excerpt":{"rendered":"<p>El domingo 10 de noviembre a las 19.30hs llegan a Tandil \u00abLos Mosqueteros del Rey\u00bb con un gran elenco. Los Mosqueteros del Rey explora la comedia a partir del juego del \u201cerror actoral\u201d y construye una pieza desopilante, ocurrente e imperdible. Nicol\u00e1s Cabr\u00e9, Jorge Su\u00e1rez, Nicolas Scarpino y Fredy Villarreal, juntos para hacer re\u00edr durante [&hellip;]<\/p>\n","protected":false},"author":1,"featured_media":3708,"comment_status":"closed","ping_status":"closed","sticky":false,"template":"","format":"standard","meta":{"inline_featured_image":false,"footnotes":""},"categories":[95],"tags":[],"class_list":["post-3705","post","type-post","status-publish","format-standard","has-post-thumbnail","hentry","category-anteriores-de-2024"],"_links":{"self":[{"href":"https:\/\/www.produccioneseg.com.ar\/eg\/wp-json\/wp\/v2\/posts\/3705","targetHints":{"allow":["GET"]}}],"collection":[{"href":"https:\/\/www.produccioneseg.com.ar\/eg\/wp-json\/wp\/v2\/posts"}],"about":[{"href":"https:\/\/www.produccioneseg.com.ar\/eg\/wp-json\/wp\/v2\/types\/post"}],"author":[{"embeddable":true,"href":"https:\/\/www.produccioneseg.com.ar\/eg\/wp-json\/wp\/v2\/users\/1"}],"replies":[{"embeddable":true,"href":"https:\/\/www.produccioneseg.com.ar\/eg\/wp-json\/wp\/v2\/comments?post=3705"}],"version-history":[{"count":5,"href":"https:\/\/www.produccioneseg.com.ar\/eg\/wp-json\/wp\/v2\/posts\/3705\/revisions"}],"predecessor-version":[{"id":3738,"href":"https:\/\/www.produccioneseg.com.ar\/eg\/wp-json\/wp\/v2\/posts\/3705\/revisions\/3738"}],"wp:featuredmedia":[{"embeddable":true,"href":"https:\/\/www.produccioneseg.com.ar\/eg\/wp-json\/wp\/v2\/media\/3708"}],"wp:attachment":[{"href":"https:\/\/www.produccioneseg.com.ar\/eg\/wp-json\/wp\/v2\/media?parent=3705"}],"wp:term":[{"taxonomy":"category","embeddable":true,"href":"https:\/\/www.produccioneseg.com.ar\/eg\/wp-json\/wp\/v2\/categories?post=3705"},{"taxonomy":"post_tag","embeddable":true,"href":"https:\/\/www.produccioneseg.com.ar\/eg\/wp-json\/wp\/v2\/tags?post=3705"}],"curies":[{"name":"wp","href":"https:\/\/api.w.org\/{rel}","templated":true}]}}