{"id":3755,"date":"2025-03-05T13:15:32","date_gmt":"2025-03-05T16:15:32","guid":{"rendered":"https:\/\/www.produccioneseg.com.ar\/eg\/?p=3755"},"modified":"2025-06-18T17:25:46","modified_gmt":"2025-06-18T20:25:46","slug":"mauricio-dayub-llega-a-tandil-con-el-equilibrista","status":"publish","type":"post","link":"https:\/\/www.produccioneseg.com.ar\/eg\/mauricio-dayub-llega-a-tandil-con-el-equilibrista\/","title":{"rendered":"Mauricio Dayub vuelve a Tandil con \u00abEl Equilibrista\u00bb y suma funci\u00f3n por entradas agotadas"},"content":{"rendered":"\n<p class=\"has-text-align-center\"><strong>Por entradas agotadas Maruricio Dayub agrega una nueva funci\u00f3n el domingo 6 de abril a las 20.00hs.<\/strong><\/p>\n\n\n\n<p> El multipremiado unipersonal \u00abEl Equilibrista\u00bb, protagonizado por Mauricio Dayub, vuelve a Tandil para inaugurar la teatral temporada 2025. La funci\u00f3n se llevar\u00e1 a cabo el viernes 5 de abril a las 21:00 en el Teatro del Fuerte.<\/p>\n\n\n\n<p>El a\u00f1o pasado, la obra se present\u00f3 con localidades agotadas y, debido a la falta de disponibilidad de sala, no se pudo realizar una segunda funci\u00f3n. Por esta raz\u00f3n, <em>El Equilibrista<\/em> elige nuevamente a Tandil. <\/p>\n\n\n\n<p>La obra ha sido galardonada con el Premio ACE de Oro, el Premio Konex al Mejor Unipersonal de la D\u00e9cada y el Premio Estrella de Mar de Oro, entre otros reconocimientos. Adem\u00e1s, ha realizado exitosas giras por Madrid, Tel Aviv, Miami, Montevideo, Punta del Este, Caracas y diversas ciudades de Argentina.<\/p>\n\n\n\n<p><strong>Un relato conmovedor y universal<\/strong><\/p>\n\n\n\n<p>\u00abEl Equilibrista\u00bb es una historia que nos invita a reconectarnos con nuestra infancia, a trav\u00e9s de una narraci\u00f3n emotiva y llena de magia. Dayub nos sumerge en un viaje de recuerdos y emociones, donde cada espectador puede verse reflejado en los relatos del protagonista. Como \u00e9l mismo describe: \u00abEs una forma so\u00f1ada de compartir parte de nuestra vida, deleitando, ilusionando. Sin tristezas, con euforia y emoci\u00f3n. Para salir con el \u00edmpetu necesario y demostrar que el mundo es de los que se animan a perder el equilibrio\u00bb.<\/p>\n\n\n\n<p>La obra cuenta con dramaturgia de Patricio Abadi, Mariano Saba y el propio Mauricio Dayub. La direcci\u00f3n est\u00e1 a cargo de C\u00e9sar Brie, con la asistencia de Paolo Sambrini. El equipo creativo incluye a destacados profesionales como Graciela Gal\u00e1n en el dise\u00f1o lum\u00ednico, Gabriella Gerdelics en vestuario y escenograf\u00eda m\u00f3vil, y Pablo Brie en la m\u00fasica original, entre otros.<\/p>\n\n\n\n<p><strong>Un \u00e9xito reconocido<\/strong><\/p>\n\n\n\n<p>Desde su estreno, \u00abEl Equilibrista\u00bb ha sido aclamado por la cr\u00edtica y el p\u00fablico. Ha obtenido numerosos premios, incluyendo tres galardones ACE en 2019, entre ellos el ACE de Oro. En 2020, recibi\u00f3 el Estrella de Mar de Oro y el Premio Vilches. En 2021, fue distinguida con el Premio Konex de Platino y el Premio Trinidad Guevara al mejor actor. Adem\u00e1s, fue seleccionada entre las mejores obras del a\u00f1o por medios como La Naci\u00f3n, Clar\u00edn, P\u00e1gina 12 y Revista Noticias.<\/p>\n\n\n\n<p>Las entradas para la funci\u00f3n en Tandil ya est\u00e1n a la venta en Plus Color Tandil y a trav\u00e9s de la plataforma Aportickets.com. Adem\u00e1s, quienes adquieran su entrada con Tarjeta Elebar podr\u00e1n acceder a una promoci\u00f3n especial en tres cuotas sin inter\u00e9s y un 25% de descuento.<\/p>\n\n\n\n<p><a href=\"https:\/\/entradas.produccioneseg.com.ar\/espectaculo\/4\/el-equilibrista.html\">ENTRADAS ONLINE<\/a><\/p>\n\n\n\n<p>Una oportunidad \u00fanica para disfrutar de una obra inolvidable que sigue emocionando a espectadores de todo el pa\u00eds y el mundo. <\/p>\n\n\n\n<p><\/p>\n","protected":false},"excerpt":{"rendered":"<p>Por entradas agotadas Maruricio Dayub agrega una nueva funci\u00f3n el domingo 6 de abril a las 20.00hs. El multipremiado unipersonal \u00abEl Equilibrista\u00bb, protagonizado por Mauricio Dayub, vuelve a Tandil para inaugurar la teatral temporada 2025. La funci\u00f3n se llevar\u00e1 a cabo el viernes 5 de abril a las 21:00 en el Teatro del Fuerte. El [&hellip;]<\/p>\n","protected":false},"author":1,"featured_media":3760,"comment_status":"closed","ping_status":"closed","sticky":false,"template":"","format":"standard","meta":{"inline_featured_image":false,"footnotes":""},"categories":[95],"tags":[],"class_list":["post-3755","post","type-post","status-publish","format-standard","has-post-thumbnail","hentry","category-anteriores-de-2024"],"_links":{"self":[{"href":"https:\/\/www.produccioneseg.com.ar\/eg\/wp-json\/wp\/v2\/posts\/3755","targetHints":{"allow":["GET"]}}],"collection":[{"href":"https:\/\/www.produccioneseg.com.ar\/eg\/wp-json\/wp\/v2\/posts"}],"about":[{"href":"https:\/\/www.produccioneseg.com.ar\/eg\/wp-json\/wp\/v2\/types\/post"}],"author":[{"embeddable":true,"href":"https:\/\/www.produccioneseg.com.ar\/eg\/wp-json\/wp\/v2\/users\/1"}],"replies":[{"embeddable":true,"href":"https:\/\/www.produccioneseg.com.ar\/eg\/wp-json\/wp\/v2\/comments?post=3755"}],"version-history":[{"count":6,"href":"https:\/\/www.produccioneseg.com.ar\/eg\/wp-json\/wp\/v2\/posts\/3755\/revisions"}],"predecessor-version":[{"id":3768,"href":"https:\/\/www.produccioneseg.com.ar\/eg\/wp-json\/wp\/v2\/posts\/3755\/revisions\/3768"}],"wp:featuredmedia":[{"embeddable":true,"href":"https:\/\/www.produccioneseg.com.ar\/eg\/wp-json\/wp\/v2\/media\/3760"}],"wp:attachment":[{"href":"https:\/\/www.produccioneseg.com.ar\/eg\/wp-json\/wp\/v2\/media?parent=3755"}],"wp:term":[{"taxonomy":"category","embeddable":true,"href":"https:\/\/www.produccioneseg.com.ar\/eg\/wp-json\/wp\/v2\/categories?post=3755"},{"taxonomy":"post_tag","embeddable":true,"href":"https:\/\/www.produccioneseg.com.ar\/eg\/wp-json\/wp\/v2\/tags?post=3755"}],"curies":[{"name":"wp","href":"https:\/\/api.w.org\/{rel}","templated":true}]}}