{"id":3903,"date":"2026-02-22T09:03:51","date_gmt":"2026-02-22T12:03:51","guid":{"rendered":"https:\/\/www.produccioneseg.com.ar\/eg\/?p=3903"},"modified":"2026-02-24T19:13:46","modified_gmt":"2026-02-24T22:13:46","slug":"hernan-piquin-presenta-me-veras-volver-en-tandil","status":"publish","type":"post","link":"https:\/\/www.produccioneseg.com.ar\/eg\/hernan-piquin-presenta-me-veras-volver-en-tandil\/","title":{"rendered":"Hern\u00e1n Piqu\u00edn presenta Me ver\u00e1s volver en Tandil"},"content":{"rendered":"\n<p>El reconocido bailar\u00edn y core\u00f3grafo argentino regresa a los escenarios con <strong>\u201cMe ver\u00e1s volver\u201d<\/strong>, un espect\u00e1culo que combina danza, m\u00fasica y relato, bajo su idea y direcci\u00f3n.<\/p>\n\n\n\n<p>La propuesta parte de una premisa clara: <em>\u201cAlgunas historias comienzan con una canci\u00f3n\u201d<\/em>. A partir de all\u00ed, Piqu\u00edn construye un recorrido emocional donde la m\u00fasica se convierte en disparador de recuerdos, encuentros y despedidas. Con una puesta de alto nivel, el show fusiona distintos estilos de danza con un despliegue visual y escenogr\u00e1fico que acompa\u00f1a cada momento del relato.<\/p>\n\n\n\n<p>Con una extensa trayectoria en el Teatro Col\u00f3n y en los principales escenarios del pa\u00eds, Hern\u00e1n Piqu\u00edn vuelve a apostar a un formato que une sensibilidad, t\u00e9cnica y narrativa, acercando la danza a todo p\u00fablico.<\/p>\n\n\n\n<h3 class=\"wp-block-heading\">Funci\u00f3n en Tandil<\/h3>\n\n\n\n<p>\ud83d\udcc5 Martes 24 de marzo &#8211; \ud83d\udd57 20:00 hs &#8211; \ud83d\udccd Teatro del Fuerte<\/p>\n\n\n\n<p>\ud83c\udf9f Entradas numeradas en Plus Color (Rodr\u00edguez y San Mart\u00edn)<br>\ud83c\udf9f Online en Axt (aportickets.com)<br>\ud83d\udcb3 <strong>Promociones:<\/strong> 3 cuotas sin inter\u00e9s y 25% (con tope) de descuento con tarjeta Elebar.<\/p>\n\n\n\n<p>Una oportunidad para disfrutar en Tandil de un espect\u00e1culo de danza contempor\u00e1nea y musical que promete emoci\u00f3n, calidad art\u00edstica y una experiencia esc\u00e9nica de primer nivel.<\/p>\n\n\n\n<p><\/p>\n","protected":false},"excerpt":{"rendered":"<p>El reconocido bailar\u00edn y core\u00f3grafo argentino regresa a los escenarios con \u201cMe ver\u00e1s volver\u201d, un espect\u00e1culo que combina danza, m\u00fasica y relato, bajo su idea y direcci\u00f3n. La propuesta parte de una premisa clara: \u201cAlgunas historias comienzan con una canci\u00f3n\u201d. A partir de all\u00ed, Piqu\u00edn construye un recorrido emocional donde la m\u00fasica se convierte en [&hellip;]<\/p>\n","protected":false},"author":1,"featured_media":3904,"comment_status":"closed","ping_status":"closed","sticky":false,"template":"","format":"standard","meta":{"inline_featured_image":false,"footnotes":""},"categories":[4],"tags":[],"class_list":["post-3903","post","type-post","status-publish","format-standard","has-post-thumbnail","hentry","category-cartelera"],"_links":{"self":[{"href":"https:\/\/www.produccioneseg.com.ar\/eg\/wp-json\/wp\/v2\/posts\/3903","targetHints":{"allow":["GET"]}}],"collection":[{"href":"https:\/\/www.produccioneseg.com.ar\/eg\/wp-json\/wp\/v2\/posts"}],"about":[{"href":"https:\/\/www.produccioneseg.com.ar\/eg\/wp-json\/wp\/v2\/types\/post"}],"author":[{"embeddable":true,"href":"https:\/\/www.produccioneseg.com.ar\/eg\/wp-json\/wp\/v2\/users\/1"}],"replies":[{"embeddable":true,"href":"https:\/\/www.produccioneseg.com.ar\/eg\/wp-json\/wp\/v2\/comments?post=3903"}],"version-history":[{"count":2,"href":"https:\/\/www.produccioneseg.com.ar\/eg\/wp-json\/wp\/v2\/posts\/3903\/revisions"}],"predecessor-version":[{"id":3912,"href":"https:\/\/www.produccioneseg.com.ar\/eg\/wp-json\/wp\/v2\/posts\/3903\/revisions\/3912"}],"wp:featuredmedia":[{"embeddable":true,"href":"https:\/\/www.produccioneseg.com.ar\/eg\/wp-json\/wp\/v2\/media\/3904"}],"wp:attachment":[{"href":"https:\/\/www.produccioneseg.com.ar\/eg\/wp-json\/wp\/v2\/media?parent=3903"}],"wp:term":[{"taxonomy":"category","embeddable":true,"href":"https:\/\/www.produccioneseg.com.ar\/eg\/wp-json\/wp\/v2\/categories?post=3903"},{"taxonomy":"post_tag","embeddable":true,"href":"https:\/\/www.produccioneseg.com.ar\/eg\/wp-json\/wp\/v2\/tags?post=3903"}],"curies":[{"name":"wp","href":"https:\/\/api.w.org\/{rel}","templated":true}]}}