{"id":3906,"date":"2026-03-20T09:22:29","date_gmt":"2026-03-20T12:22:29","guid":{"rendered":"https:\/\/www.produccioneseg.com.ar\/eg\/?p=3906"},"modified":"2026-03-26T17:56:54","modified_gmt":"2026-03-26T20:56:54","slug":"javier-guerrero-presenta-su-espectaculo-fuerza-profes-en-el-teatro-del-fuerte-de-tandil","status":"publish","type":"post","link":"https:\/\/www.produccioneseg.com.ar\/eg\/javier-guerrero-presenta-su-espectaculo-fuerza-profes-en-el-teatro-del-fuerte-de-tandil\/","title":{"rendered":"Javier Guerrero presenta su espect\u00e1culo \u201cFuerza Profes\u201d en el Teatro del Fuerte de Tandil"},"content":{"rendered":"\n<p>El reconocido comediante Javier Guerrero llegar\u00e1 a Tandil el pr\u00f3ximo s\u00e1bado 23 de mayo a las 21:00 horas para presentar su show \u201cFuerza Profes: La catarsis contin\u00faa\u201d en el Teatro del Fuerte. La funci\u00f3n promete una noche de humor dedicada especialmente a la comunidad docente, abordando con iron\u00eda y empat\u00eda las vivencias cotidianas del aula.<\/p>\n\n\n\n<p>El espect\u00e1culo propone un espacio de descarga y risas para quienes transitan el sistema educativo. A trav\u00e9s de su popular personaje \u00abProfe\u00bb, Guerrero explora situaciones t\u00edpicas de la docencia, desde la correcci\u00f3n de ex\u00e1menes hasta el v\u00ednculo con los alumnos y las familias, logrando una conexi\u00f3n inmediata con el p\u00fablico. Con una puesta que combina el stand up con el teatro testimonial, \u00abFuerza Profes\u00bb se ha convertido en un fen\u00f3meno que recorre el pa\u00eds bajo la premisa de que el humor es la mejor herramienta para sobrevivir a la rutina escolar.<\/p>\n\n\n\n<p>El valor cultural de esta obra reside en su capacidad de transformar el agotamiento laboral en una experiencia colectiva de alivio y pertenencia. Javier Guerrero, quien ha ganado gran popularidad en redes sociales por sus contenidos dedicados a los maestros, utiliza este formato para poner en palabras lo que muchos docentes callan, otorgando una cuota de reconocimiento y alegr\u00eda a una labor fundamental para la sociedad.<\/p>\n\n\n\n<h3 class=\"wp-block-heading\">Datos pr\u00e1cticos<\/h3>\n\n\n\n<ul class=\"wp-block-list\">\n<li><strong>Lugar:<\/strong> Teatro del Fuerte.<\/li>\n\n\n\n<li><strong>Direcci\u00f3n:<\/strong> Fuerte Independencia 360, Tandil.<\/li>\n\n\n\n<li><strong>Fecha y horario:<\/strong> S\u00e1bado 23 de mayo a las 21:00 hs.<\/li>\n\n\n\n<li><strong>Entradas f\u00edsicas:<\/strong> Plus Color (Rodr\u00edguez y San Mart\u00edn, Tandil).<\/li>\n\n\n\n<li><strong>Entradas online:<\/strong> Disponibles en <a href=\"\" target=\"_blank\" rel=\"noreferrer noopener\">www.aportickets.com<\/a>.<\/li>\n\n\n\n<li><strong>Promociones:<\/strong> 3 cuotas sin inter\u00e9s y 25% (con tope) de descuento con tarjeta Elebar.<\/li>\n<\/ul>\n\n\n\n<p><\/p>\n","protected":false},"excerpt":{"rendered":"<p>El reconocido comediante Javier Guerrero llegar\u00e1 a Tandil el pr\u00f3ximo s\u00e1bado 23 de mayo a las 21:00 horas para presentar su show \u201cFuerza Profes: La catarsis contin\u00faa\u201d en el Teatro del Fuerte. La funci\u00f3n promete una noche de humor dedicada especialmente a la comunidad docente, abordando con iron\u00eda y empat\u00eda las vivencias cotidianas del aula. [&hellip;]<\/p>\n","protected":false},"author":1,"featured_media":3907,"comment_status":"closed","ping_status":"closed","sticky":false,"template":"","format":"standard","meta":{"inline_featured_image":false,"footnotes":""},"categories":[4],"tags":[],"class_list":["post-3906","post","type-post","status-publish","format-standard","has-post-thumbnail","hentry","category-cartelera"],"_links":{"self":[{"href":"https:\/\/www.produccioneseg.com.ar\/eg\/wp-json\/wp\/v2\/posts\/3906","targetHints":{"allow":["GET"]}}],"collection":[{"href":"https:\/\/www.produccioneseg.com.ar\/eg\/wp-json\/wp\/v2\/posts"}],"about":[{"href":"https:\/\/www.produccioneseg.com.ar\/eg\/wp-json\/wp\/v2\/types\/post"}],"author":[{"embeddable":true,"href":"https:\/\/www.produccioneseg.com.ar\/eg\/wp-json\/wp\/v2\/users\/1"}],"replies":[{"embeddable":true,"href":"https:\/\/www.produccioneseg.com.ar\/eg\/wp-json\/wp\/v2\/comments?post=3906"}],"version-history":[{"count":2,"href":"https:\/\/www.produccioneseg.com.ar\/eg\/wp-json\/wp\/v2\/posts\/3906\/revisions"}],"predecessor-version":[{"id":3911,"href":"https:\/\/www.produccioneseg.com.ar\/eg\/wp-json\/wp\/v2\/posts\/3906\/revisions\/3911"}],"wp:featuredmedia":[{"embeddable":true,"href":"https:\/\/www.produccioneseg.com.ar\/eg\/wp-json\/wp\/v2\/media\/3907"}],"wp:attachment":[{"href":"https:\/\/www.produccioneseg.com.ar\/eg\/wp-json\/wp\/v2\/media?parent=3906"}],"wp:term":[{"taxonomy":"category","embeddable":true,"href":"https:\/\/www.produccioneseg.com.ar\/eg\/wp-json\/wp\/v2\/categories?post=3906"},{"taxonomy":"post_tag","embeddable":true,"href":"https:\/\/www.produccioneseg.com.ar\/eg\/wp-json\/wp\/v2\/tags?post=3906"}],"curies":[{"name":"wp","href":"https:\/\/api.w.org\/{rel}","templated":true}]}}